{"id":152,"date":"2014-09-02T13:12:02","date_gmt":"2014-09-02T12:12:02","guid":{"rendered":"http:\/\/www.ierstudio.com\/jm\/?p=152"},"modified":"2017-09-13T13:13:08","modified_gmt":"2017-09-13T12:13:08","slug":"a-ver-si-comes-mas","status":"publish","type":"post","link":"https:\/\/www.ierstudio.com\/jm\/a-ver-si-comes-mas\/","title":{"rendered":"\u00a1A ver si comes m\u00e1s!"},"content":{"rendered":"<p style=\"text-align: justify;\">D\u00eda tras d\u00eda, nos bombardean por todos los medios posibles con informaci\u00f3n y cr\u00edticas poco constructivas acerca de c\u00f3mo deber\u00edamos vestir, c\u00f3mo deber\u00edamos ser y qu\u00e9 cuerpo deber\u00edamos tener. Hasta ah\u00ed no digo nada nuevo, pues el tema est\u00e1 tan manido que incluso llega a aburrir. Por lo que no voy a entrar en la moralidad de c\u00f3mo debemos llevar nuestra vida para ser aceptados socialmente, ya que para eso existen mil y un art\u00edculos al respecto y el que no se haya enterado a estas alturas es porque no quiere.<\/p>\n<p style=\"text-align: justify;\">En su lugar, quiero hablar y quejarme \u2013sobre todo quejarme\u2013 de la gran hipocres\u00eda y el doble rasero que existe a la hora de criticar el f\u00edsico de una persona. Partiendo de la base de que nadie deber\u00eda tener autoridad para\u00a0opinar sobre el <em>look<\/em> de los dem\u00e1s \u2013porque para algo somos seres libres e independientes\u2013, quiero centrarme en un caso curioso que ocurre seg\u00fan tun condici\u00f3n est\u00e9 en un extremo o en el otro de lo que est\u00e1 socialmente establecido como normal. Antes, eso s\u00ed, advertir que hablar\u00e9 de cuerpos y personas cl\u00ednicamente sanos y saludables.<\/p>\n<p style=\"text-align: justify;\">Toda mi vida he sido un chico delgado. Bastante delgado. No de aspecto enfermizo, pero s\u00ed una apariencia a la que le faltan algunos kilos para no ser llamativa visualmente. Repito, lo he sido toda mi vida. O, al menos, desde que tengo uso de raz\u00f3n. Y los \u00faltimos diez o doce a\u00f1os los he pasado escuchando continuamente una expresi\u00f3n, a priori inofensiva: <strong>\u00ab<em>Qu\u00e9 flaco est\u00e1s. \u00a1A ver si comes m\u00e1s!\u00bb<\/em><\/strong>. Y\u00a0claro, cuando te lo dicen una vez, te r\u00edes. Cuando te lo dicen dos, te r\u00edes un poco menos. A la tercera empieza a molestar y a la cuarta es cuando entras a dar contestaciones que igual no deber\u00edas dar, pero que surgen solas: <strong>\u00ab<\/strong><em><strong>\u00bfQue cojones sabr\u00e1s t\u00fa lo que como o dejo de comer?\u00bb<\/strong>.<\/em> Sin perd\u00f3n por el taco. Porque, dicho sea de paso, ese comentario nunca aparece en mitad de una cena o un almuerzo donde est\u00e1s demostrando que s\u00ed comes y la estupidez ser\u00eda palpable, no. Siempre aparece en situaciones d\u00f3nde la persona que critica no tiene la remota idea de cual es tu alimentaci\u00f3n diaria. Ese comentario, supuestamente inofensivo, nunca viene de alguien cercano a ti que s\u00ed se hace una idea de lo que ingieres porque lo ha visto.<\/p>\n<p style=\"text-align: justify;\">Lo curioso e hip\u00f3crita del asunto viene cuando, esa misma persona, jam\u00e1s le dir\u00eda a un amigo o familiar con sobrepeso\u00a0\u00ab<em><strong>Qu\u00e9 gordo est\u00e1s. \u00a1A ver si comes menos!<\/strong><\/em>\u00ab. \u00bfA que no? Por supuesto que no, porque ser\u00eda de muy mal gusto. Y yo me pregunto, \u00bfpor qu\u00e9? \u00bfPor qu\u00e9 a una persona flaca\u00a0le podemos criticar su delgadez y a una persona gorda no podemos decirle que lo es?<\/p>\n<p style=\"text-align: justify;\">Igual que hay personas con sobre peso que comen lo justo\u00a0y les cuesta sudor y l\u00e1grimas bajar de peso, porque tienen un metabolismo lento con tendencia a acumular grasa, hay otras personas cuyo metabolismo est\u00e1 tan acelerado que todo lo que ingieren lo queman enseguida y les cuesta tambi\u00e9n sudor y l\u00e1grimas ganar peso. No por decirle a alguien \u00ab<em>ponte a dieta<\/em>\u00bb vas a conseguir que baje de peso y no por decirle \u00abc<em>ome m\u00e1s<\/em>\u00bb va a subir de peso por arte de magia. Y, es m\u00e1s, \u00bfcon qu\u00e9 autoridad moral se creen algunas personas para decirle a otras c\u00f3mo deben ser? \u00bfY si la chica gordita es feliz as\u00ed porque le encanta comer y est\u00e1 sana? \u00bfY si el chico flacucho tiene una dieta perfecta y le gusta su cuerpo?<\/p>\n<p style=\"text-align: justify;\">Todo esto, ha surgido a ra\u00edz de un tweet que he le\u00eddo en el que, junto a una foto en topless de la actriz\u00a0<a href=\"https:\/\/www.google.es\/search?client=safari&amp;rls=en&amp;q=Keira+Knightley&amp;ie=UTF-8&amp;oe=UTF-8&amp;gfe_rd=cr&amp;ei=OM8FVNjqMZKt8weThIDADg\">Keira Knightley<\/a>, alguien dec\u00eda \u00ab<em>Que alguien le de un bocadillo de mortadela a la chica, que no come na<\/em>\u00ab. Si ya es cuestionable la informaci\u00f3n acerca de tu dieta que puedan tener conocidos y amigos a los que ves una vez al mes&#8230; \u00bfC\u00f3mo de cuestionable es un comentario hecho por alguien que no habr\u00e1 compartido mesa con dicha actriz en toda su vida? Y comentarios como ese se hacen a diario a cualquier persona que sea m\u00ednimamente delgada, aunque tenga unos an\u00e1lisis de sangre perfectos y est\u00e9 en forma. Otro ejemplo que me viene a la mente es el de Victoria Beckham. Una mujer a la que llevan m\u00e1s de diez a\u00f1os acusando de ser anor\u00e9xica, pese a haber tenido cuatro hijos y llevar un ritmo de vida que cualquier persona realmente enferma no aguantar\u00eda ni una semana. \u00bfHasta qu\u00e9 punto llega la ignorancia de la gente? \u00bfY si esas personas tienen un trastorno alimenticio real? \u00bfNadie piensa en eso? Comentarios tan inocentes que hacen algunos para que los dem\u00e1s luzcan como ellos quisieran, pueden conseguir que personas que sufren problemas los intensifiquen.<\/p>\n<p style=\"text-align: justify;\">Ahora est\u00e1 de moda criticar la delgadez extrema por culpa de enfermedades y trastornos como la anorexia. Y me parece genial que se creen organizaciones, se informe\u00a0y se tomen decisiones para impedir que se imponga un canon de belleza (no el de la delgadez, sino cualquiera, todos los c\u00e1nones son err\u00f3neos). Pero no hay que llevar las cosas al extremo y dar por hecho que una persona delgada es una persona que no se alimenta correctamente o, peor a\u00fan, es una persona enferma. Porque quiz\u00e1s hoy se lo digas a alguien como yo, al que las opiniones respecto a su f\u00edsico le importan lo justo como para escribir esto y poco m\u00e1s, pero igual ma\u00f1ana se lo dir\u00e1s a alguien que est\u00e1 a una sola gota de colmar su vaso de inseguridades y, sin saberlo, tu comentario provoque una desgracia. Y esto es aplicable a cualquier comentario, cr\u00edtica, insulto o vejaci\u00f3n que se te pueda pasar por la cabeza para atacar a otra persona, sea el motivo que sea. Pi\u00e9nsalo.<\/p>\n","protected":false},"excerpt":{"rendered":"<p>D\u00eda tras d\u00eda, nos bombardean por todos los medios posibles con informaci\u00f3n y cr\u00edticas poco constructivas acerca de c\u00f3mo deber\u00edamos vestir, c\u00f3mo deber\u00edamos ser y qu\u00e9 cuerpo deber\u00edamos tener. Hasta ah\u00ed no digo nada nuevo, pues el tema est\u00e1 tan manido que incluso llega a aburrir. Por lo que no voy a entrar en la [&hellip;]<\/p>\n","protected":false},"author":1,"featured_media":153,"comment_status":"open","ping_status":"open","sticky":false,"template":"","format":"standard","meta":{"_et_pb_use_builder":"","_et_pb_old_content":"","_et_gb_content_width":"","_mi_skip_tracking":false},"categories":[6],"tags":[],"_links":{"self":[{"href":"https:\/\/www.ierstudio.com\/jm\/wp-json\/wp\/v2\/posts\/152"}],"collection":[{"href":"https:\/\/www.ierstudio.com\/jm\/wp-json\/wp\/v2\/posts"}],"about":[{"href":"https:\/\/www.ierstudio.com\/jm\/wp-json\/wp\/v2\/types\/post"}],"author":[{"embeddable":true,"href":"https:\/\/www.ierstudio.com\/jm\/wp-json\/wp\/v2\/users\/1"}],"replies":[{"embeddable":true,"href":"https:\/\/www.ierstudio.com\/jm\/wp-json\/wp\/v2\/comments?post=152"}],"version-history":[{"count":2,"href":"https:\/\/www.ierstudio.com\/jm\/wp-json\/wp\/v2\/posts\/152\/revisions"}],"predecessor-version":[{"id":155,"href":"https:\/\/www.ierstudio.com\/jm\/wp-json\/wp\/v2\/posts\/152\/revisions\/155"}],"wp:featuredmedia":[{"embeddable":true,"href":"https:\/\/www.ierstudio.com\/jm\/wp-json\/wp\/v2\/media\/153"}],"wp:attachment":[{"href":"https:\/\/www.ierstudio.com\/jm\/wp-json\/wp\/v2\/media?parent=152"}],"wp:term":[{"taxonomy":"category","embeddable":true,"href":"https:\/\/www.ierstudio.com\/jm\/wp-json\/wp\/v2\/categories?post=152"},{"taxonomy":"post_tag","embeddable":true,"href":"https:\/\/www.ierstudio.com\/jm\/wp-json\/wp\/v2\/tags?post=152"}],"curies":[{"name":"wp","href":"https:\/\/api.w.org\/{rel}","templated":true}]}}